{"id":3317,"date":"2026-09-01T17:28:37","date_gmt":"2026-09-01T15:28:37","guid":{"rendered":"https:\/\/www.francemobil.fr\/?p=3317"},"modified":"2026-09-01T17:30:28","modified_gmt":"2026-09-01T15:30:28","slug":"nouvelle-rentree-nouvelle-aventure-francemobil","status":"publish","type":"post","link":"https:\/\/www.francemobil.fr\/fr\/news\/nouvelle-rentree-nouvelle-aventure-francemobil\/","title":{"rendered":"Nouvelle rentr\u00e9e, nouvelle aventure FranceMobil!"},"content":{"rendered":"\n<p class=\"wp-block-paragraph\">Les vacances sont termin\u00e9es, nous d\u00e9bordons d&rsquo;\u00e9nergie pour bien commencer la nouvelle ann\u00e9e !<\/p>\n\n\n\n<p class=\"wp-block-paragraph\">L&rsquo;\u00e9quipe de coordination est heureuse d&rsquo;accueillir la nouvelle promotion FranceMobil 2026-27, enthousiaste et pr\u00eate \u00e0 susciter l&rsquo;int\u00e9r\u00eat pour la langue fran\u00e7aise et les cultures francophones dans vos \u00e9tablissements.<\/p>\n\n\n\n<p class=\"wp-block-paragraph\">Au programme : des jeux linguistiques, des activit\u00e9s cr\u00e9atives, du dynamisme, de la musique, et bien s\u00fbr beaucoup d&rsquo;amusement !<\/p>\n\n\n\n<p class=\"wp-block-paragraph\">Qu&rsquo;il s&rsquo;agisse des premiers mots en fran\u00e7ais, de jeux stimulants ou de d\u00e9couvertes passionnantes sur la France et la Francophonie, avec FranceMobil, l&rsquo;apprentissage du fran\u00e7ais devient une v\u00e9ritable exp\u00e9rience.<\/p>\n\n\n\n<p class=\"wp-block-paragraph\">Nous souhaitons \u00e0 nos 12 nouvelles animatrices et nouveaux animateurs une excellente prise de fonctions et nous nous r\u00e9jouissons de cette ann\u00e9e prometteuse en mobilit\u00e9, pleine de belles d\u00e9couvertes et de riches souvenirs en devenir.<\/p>\n\n\n\n<p class=\"wp-block-paragraph\">En route pour une nouvelle ann\u00e9e&nbsp;<em>\u00e0 la fran\u00e7aise<\/em>&nbsp;!<\/p>\n","protected":false},"excerpt":{"rendered":"<p>Les vacances sont termin\u00e9es, nous d\u00e9bordons d&rsquo;\u00e9nergie pour bien commencer la nouvelle ann\u00e9e ! L&rsquo;\u00e9quipe de coordination est heureuse d&rsquo;accueillir la nouvelle promotion FranceMobil 2026-27, enthousiaste et pr\u00eate \u00e0 susciter l&rsquo;int\u00e9r\u00eat pour la&#8230;<\/p>\n","protected":false},"author":3,"featured_media":3316,"comment_status":"closed","ping_status":"closed","sticky":false,"template":"","format":"standard","meta":{"_acf_changed":false,"_kad_blocks_custom_css":"","_kad_blocks_head_custom_js":"","_kad_blocks_body_custom_js":"","_kad_blocks_footer_custom_js":"","_kad_post_transparent":"","_kad_post_title":"","_kad_post_layout":"","_kad_post_sidebar_id":"","_kad_post_content_style":"","_kad_post_vertical_padding":"","_kad_post_feature":"","_kad_post_feature_position":"","_kad_post_header":false,"_kad_post_footer":false,"_kad_post_classname":"","iawp_total_views":0,"footnotes":"","css_class_manager_body_classes":"","css_class_manager_use_in_post_loop":false},"categories":[6],"tags":[],"class_list":["post-3317","post","type-post","status-publish","format-standard","has-post-thumbnail","hentry","category-actualites"],"acf":[],"taxonomy_info":{"category":[{"value":6,"label":"Actualit\u00e9s"}]},"featured_image_src_large":["https:\/\/www.francemobil.fr\/wp-content\/uploads\/2026\/09\/20260615-mobilklasse-web-010-1024x683.jpg",1024,683,true],"author_info":{"display_name":"francemobil","author_link":"https:\/\/www.francemobil.fr\/fr\/news\/author\/59634224b47fa920\/"},"comment_info":0,"category_info":[{"term_id":6,"name":"Actualit\u00e9s","slug":"actualites","term_group":0,"term_taxonomy_id":6,"taxonomy":"category","description":"","parent":0,"count":5,"filter":"raw","cat_ID":6,"category_count":5,"category_description":"","cat_name":"Actualit\u00e9s","category_nicename":"actualites","category_parent":0}],"tag_info":false,"_links":{"self":[{"href":"https:\/\/www.francemobil.fr\/fr\/wp-json\/wp\/v2\/posts\/3317","targetHints":{"allow":["GET"]}}],"collection":[{"href":"https:\/\/www.francemobil.fr\/fr\/wp-json\/wp\/v2\/posts"}],"about":[{"href":"https:\/\/www.francemobil.fr\/fr\/wp-json\/wp\/v2\/types\/post"}],"author":[{"embeddable":true,"href":"https:\/\/www.francemobil.fr\/fr\/wp-json\/wp\/v2\/users\/3"}],"replies":[{"embeddable":true,"href":"https:\/\/www.francemobil.fr\/fr\/wp-json\/wp\/v2\/comments?post=3317"}],"version-history":[{"count":1,"href":"https:\/\/www.francemobil.fr\/fr\/wp-json\/wp\/v2\/posts\/3317\/revisions"}],"predecessor-version":[{"id":3318,"href":"https:\/\/www.francemobil.fr\/fr\/wp-json\/wp\/v2\/posts\/3317\/revisions\/3318"}],"wp:featuredmedia":[{"embeddable":true,"href":"https:\/\/www.francemobil.fr\/fr\/wp-json\/wp\/v2\/media\/3316"}],"wp:attachment":[{"href":"https:\/\/www.francemobil.fr\/fr\/wp-json\/wp\/v2\/media?parent=3317"}],"wp:term":[{"taxonomy":"category","embeddable":true,"href":"https:\/\/www.francemobil.fr\/fr\/wp-json\/wp\/v2\/categories?post=3317"},{"taxonomy":"post_tag","embeddable":true,"href":"https:\/\/www.francemobil.fr\/fr\/wp-json\/wp\/v2\/tags?post=3317"}],"curies":[{"name":"wp","href":"https:\/\/api.w.org\/{rel}","templated":true}]}}