{"id":2617,"date":"2025-02-07T16:04:36","date_gmt":"2025-02-07T15:04:36","guid":{"rendered":"https:\/\/www.francemobil.fr\/?p=2617"},"modified":"2025-02-07T16:04:37","modified_gmt":"2025-02-07T15:04:37","slug":"rejoignez-le-programme-francemobil-2025-2026","status":"publish","type":"post","link":"https:\/\/www.francemobil.fr\/fr\/news\/rejoignez-le-programme-francemobil-2025-2026\/","title":{"rendered":"Rejoignez le programme FranceMobil 2025-2026"},"content":{"rendered":"\n<p>Pendant l\u2019ann\u00e9e scolaire 2025\/2026, vous ferez d\u00e9couvrir aux enfants et aux jeunes la langue et la culture fran\u00e7aise de mani\u00e8re ludique et cr\u00e9ative. Vous v\u00e9hiculerez une image actuelle et positive de votre pays, que ce soit par les jeux, la musique, la presse, les films, etc. en bref tout ce qui peut \u00eatre amusant et attiser la curiosit\u00e9 des enfants pour l\u2019autre pays&nbsp;!<\/p>\n\n\n\n<p>Durant ces dix mois, vous vous rendrez dans les \u00e9tablissements scolaires, g\u00e9n\u00e9raux ou professionnels, d\u2019une r\u00e9gion du pays partenaire, \u00e0 bord d\u2019un v\u00e9hicule mis \u00e0 votre disposition ou en transports en commun. Vous proposerez \u00e9galement des animations en ligne via divers outils de visioconf\u00e9rence. Les animations sont propos\u00e9es pour toutes les tranches d\u2019\u00e2ge, avec une attention toute particuli\u00e8re pour les niveaux devant choisir prochainement une seconde langue \u00e9trang\u00e8re.<\/p>\n\n\n\n<p>Nous cherchons pour FranceMobil des jeunes francophones, de 20 \u00e0 30 ans, qui veulent s&rsquo;engager pour une ann\u00e9e scolaire en Allemagne.<\/p>\n\n\n\n<p><strong>Les candidatures doivent nous parvenir avant le 31 mars 2025<\/strong>.<\/p>\n\n\n\n<p>Vous trouverez toutes les informations dans l\u2019<a href=\"https:\/\/www.ofaj.org\/sites\/default\/files\/2025-02\/ACC_FM%2025-26.pdf\" target=\"_blank\" rel=\"noopener noreferrer nofollow\">appel \u00e0 candidatures<\/a>.<\/p>\n\n\n\n<p><\/p>\n","protected":false},"excerpt":{"rendered":"<p>Pendant l\u2019ann\u00e9e scolaire 2025\/2026, vous ferez d\u00e9couvrir aux enfants et aux jeunes la langue et la culture fran\u00e7aise de mani\u00e8re ludique et cr\u00e9ative. Vous v\u00e9hiculerez une image actuelle et positive de votre pays,&#8230;<\/p>\n","protected":false},"author":6,"featured_media":2604,"comment_status":"closed","ping_status":"closed","sticky":false,"template":"","format":"standard","meta":{"_acf_changed":false,"_kad_blocks_custom_css":"","_kad_blocks_head_custom_js":"","_kad_blocks_body_custom_js":"","_kad_blocks_footer_custom_js":"","_kad_post_transparent":"","_kad_post_title":"","_kad_post_layout":"","_kad_post_sidebar_id":"","_kad_post_content_style":"","_kad_post_vertical_padding":"","_kad_post_feature":"","_kad_post_feature_position":"","_kad_post_header":false,"_kad_post_footer":false,"_kad_post_classname":"","iawp_total_views":426,"footnotes":"","css_class_manager_body_classes":"","css_class_manager_use_in_post_loop":false},"categories":[6],"tags":[],"class_list":["post-2617","post","type-post","status-publish","format-standard","has-post-thumbnail","hentry","category-actualites"],"acf":[],"taxonomy_info":{"category":[{"value":6,"label":"Actualit\u00e9s"}]},"featured_image_src_large":["https:\/\/www.francemobil.fr\/wp-content\/uploads\/2025\/02\/photo-in-aktion-website-1024x683.jpg",1024,683,true],"author_info":{"display_name":"Alice Fournat","author_link":"https:\/\/www.francemobil.fr\/fr\/news\/author\/089a4593be28fe0f\/"},"comment_info":0,"category_info":[{"term_id":6,"name":"Actualit\u00e9s","slug":"actualites","term_group":0,"term_taxonomy_id":6,"taxonomy":"category","description":"","parent":0,"count":5,"filter":"raw","cat_ID":6,"category_count":5,"category_description":"","cat_name":"Actualit\u00e9s","category_nicename":"actualites","category_parent":0}],"tag_info":false,"_links":{"self":[{"href":"https:\/\/www.francemobil.fr\/fr\/wp-json\/wp\/v2\/posts\/2617","targetHints":{"allow":["GET"]}}],"collection":[{"href":"https:\/\/www.francemobil.fr\/fr\/wp-json\/wp\/v2\/posts"}],"about":[{"href":"https:\/\/www.francemobil.fr\/fr\/wp-json\/wp\/v2\/types\/post"}],"author":[{"embeddable":true,"href":"https:\/\/www.francemobil.fr\/fr\/wp-json\/wp\/v2\/users\/6"}],"replies":[{"embeddable":true,"href":"https:\/\/www.francemobil.fr\/fr\/wp-json\/wp\/v2\/comments?post=2617"}],"version-history":[{"count":1,"href":"https:\/\/www.francemobil.fr\/fr\/wp-json\/wp\/v2\/posts\/2617\/revisions"}],"predecessor-version":[{"id":2618,"href":"https:\/\/www.francemobil.fr\/fr\/wp-json\/wp\/v2\/posts\/2617\/revisions\/2618"}],"wp:featuredmedia":[{"embeddable":true,"href":"https:\/\/www.francemobil.fr\/fr\/wp-json\/wp\/v2\/media\/2604"}],"wp:attachment":[{"href":"https:\/\/www.francemobil.fr\/fr\/wp-json\/wp\/v2\/media?parent=2617"}],"wp:term":[{"taxonomy":"category","embeddable":true,"href":"https:\/\/www.francemobil.fr\/fr\/wp-json\/wp\/v2\/categories?post=2617"},{"taxonomy":"post_tag","embeddable":true,"href":"https:\/\/www.francemobil.fr\/fr\/wp-json\/wp\/v2\/tags?post=2617"}],"curies":[{"name":"wp","href":"https:\/\/api.w.org\/{rel}","templated":true}]}}